{"id":14218,"date":"2024-10-21T01:54:25","date_gmt":"2024-10-21T00:54:25","guid":{"rendered":"https:\/\/www.damast.it\/?p=14218"},"modified":"2024-10-22T11:54:48","modified_gmt":"2024-10-22T10:54:48","slug":"ultima-gara-per-il-team-aruba-it-racing-ducati-superbike","status":"publish","type":"post","link":"https:\/\/www.damast.it\/en\/ultima-gara-per-il-team-aruba-it-racing-ducati-superbike\/","title":{"rendered":"Ultima gara per il Team Aruba.it Racing \u2013 Ducati Superbike!"},"content":{"rendered":"\n<p>Anche quest\u2019anno siamo arrivati all\u2019ultima gara per il <strong>Team Aruba.it Racing \u2013 Ducati Superbike<\/strong>! Nicol\u00f2 <strong>Bulega <\/strong>conclude in maniera impeccabile questa stagione, sfiorando la tripletta nella tappa di Jerez. Non \u00e8 stato lo stesso per Alvaro <strong>Bautista<\/strong>, che dopo una rimonta, \u00e8 stato costretto al ritiro a causa di una caduta. La <strong>#doccetteria Damast <\/strong>\u00e8 stata pi\u00f9 che orgogliosa di essere sponsor tecnico ufficiale della scuderia anche per questa meravigliosa stagione 2024, ormai giunta al termine. <strong><a href=\"https:\/\/bit.ly\/Damast-SBK2024-Gara12\" target=\"_blank\" rel=\"noreferrer noopener\">Approfondimento consultabile qui <\/a><\/strong><\/p>\n","protected":false},"excerpt":{"rendered":"<p>Anche quest\u2019anno siamo arrivati all\u2019ultima gara per il Team Aruba.it Racing \u2013 Ducati Superbike! Nicol\u00f2 Bulega conclude in maniera impeccabile questa stagione, sfiorando la tripletta nella tappa di Jerez. Non \u00e8 stato lo stesso per Alvaro Bautista, che dopo una rimonta, \u00e8 stato costretto al ritiro a causa di una caduta. La #doccetteria Damast \u00e8 &hellip; <a href=\"https:\/\/www.damast.it\/en\/ultima-gara-per-il-team-aruba-it-racing-ducati-superbike\/\">Continued<\/a><\/p>\n","protected":false},"author":8,"featured_media":14220,"comment_status":"open","ping_status":"open","sticky":false,"template":"","format":"standard","meta":{"_acf_changed":false,"footnotes":""},"categories":[351],"tags":[],"acf":[],"yoast_head":"<!-- This site is optimized with the Yoast SEO plugin v24.2 - https:\/\/yoast.com\/wordpress\/plugins\/seo\/ -->\n<title>Ultima gara per il Team Aruba.it Racing \u2013 Ducati Superbike!<\/title>\n<meta name=\"description\" content=\"Anche quest\u2019anno siamo arrivati all\u2019ultima gara per il Team Aruba. La #doccetteria Damast \u00e8 pi\u00f9 che orgogliosa di essere sponsor tecnico.\" \/>\n<meta name=\"robots\" content=\"index, follow, max-snippet:-1, max-image-preview:large, max-video-preview:-1\" \/>\n<link rel=\"canonical\" href=\"https:\/\/www.damast.it\/en\/ultima-gara-per-il-team-aruba-it-racing-ducati-superbike\/\" \/>\n<meta property=\"og:locale\" content=\"en_US\" \/>\n<meta property=\"og:type\" content=\"article\" \/>\n<meta property=\"og:title\" content=\"Ultima gara per il Team Aruba.it Racing \u2013 Ducati Superbike!\" \/>\n<meta property=\"og:description\" content=\"Anche quest\u2019anno siamo arrivati all\u2019ultima gara per il Team Aruba. La #doccetteria Damast \u00e8 pi\u00f9 che orgogliosa di essere sponsor tecnico.\" \/>\n<meta property=\"og:url\" content=\"https:\/\/www.damast.it\/en\/ultima-gara-per-il-team-aruba-it-racing-ducati-superbike\/\" \/>\n<meta property=\"og:site_name\" content=\"Damast\" \/>\n<meta property=\"article:publisher\" content=\"https:\/\/www.facebook.com\/Damastdoccetteria\" \/>\n<meta property=\"article:published_time\" content=\"2024-10-21T00:54:25+00:00\" \/>\n<meta property=\"article:modified_time\" content=\"2024-10-22T10:54:48+00:00\" \/>\n<meta property=\"og:image\" content=\"https:\/\/www.damast.it\/wp-content\/uploads\/2024\/10\/Damast-SBK2024-Gara12-engarda-giordani-comunicazione.jpg\" \/>\n\t<meta property=\"og:image:width\" content=\"1140\" \/>\n\t<meta property=\"og:image:height\" content=\"850\" \/>\n\t<meta property=\"og:image:type\" content=\"image\/jpeg\" \/>\n<meta name=\"author\" content=\"engarda.press\" \/>\n<meta name=\"twitter:card\" content=\"summary_large_image\" \/>\n<meta name=\"twitter:creator\" content=\"@DamastSrl\" \/>\n<meta name=\"twitter:site\" content=\"@DamastSrl\" \/>\n<meta name=\"twitter:label1\" content=\"Written by\" \/>\n\t<meta name=\"twitter:data1\" content=\"engarda.press\" \/>\n\t<meta name=\"twitter:label2\" content=\"Est. reading time\" \/>\n\t<meta name=\"twitter:data2\" content=\"1 minute\" \/>\n<script type=\"application\/ld+json\" class=\"yoast-schema-graph\">{\"@context\":\"https:\/\/schema.org\",\"@graph\":[{\"@type\":\"Article\",\"@id\":\"https:\/\/www.damast.it\/en\/ultima-gara-per-il-team-aruba-it-racing-ducati-superbike\/#article\",\"isPartOf\":{\"@id\":\"https:\/\/www.damast.it\/en\/ultima-gara-per-il-team-aruba-it-racing-ducati-superbike\/\"},\"author\":{\"name\":\"engarda.press\",\"@id\":\"https:\/\/www.damast.it\/en\/#\/schema\/person\/a29f484faaf39c2d7ec6d93e5b955171\"},\"headline\":\"Ultima gara per il Team Aruba.it Racing \u2013 Ducati Superbike!\",\"datePublished\":\"2024-10-21T00:54:25+00:00\",\"dateModified\":\"2024-10-22T10:54:48+00:00\",\"mainEntityOfPage\":{\"@id\":\"https:\/\/www.damast.it\/en\/ultima-gara-per-il-team-aruba-it-racing-ducati-superbike\/\"},\"wordCount\":87,\"commentCount\":0,\"publisher\":{\"@id\":\"https:\/\/www.damast.it\/en\/#organization\"},\"image\":{\"@id\":\"https:\/\/www.damast.it\/en\/ultima-gara-per-il-team-aruba-it-racing-ducati-superbike\/#primaryimage\"},\"thumbnailUrl\":\"https:\/\/www.damast.it\/wp-content\/uploads\/2024\/10\/Damast-SBK2024-Gara12-engarda-giordani-comunicazione.jpg\",\"articleSection\":[\"ADV\"],\"inLanguage\":\"en-US\",\"potentialAction\":[{\"@type\":\"CommentAction\",\"name\":\"Comment\",\"target\":[\"https:\/\/www.damast.it\/en\/ultima-gara-per-il-team-aruba-it-racing-ducati-superbike\/#respond\"]}]},{\"@type\":\"WebPage\",\"@id\":\"https:\/\/www.damast.it\/en\/ultima-gara-per-il-team-aruba-it-racing-ducati-superbike\/\",\"url\":\"https:\/\/www.damast.it\/en\/ultima-gara-per-il-team-aruba-it-racing-ducati-superbike\/\",\"name\":\"Ultima gara per il Team Aruba.it Racing \u2013 Ducati Superbike!\",\"isPartOf\":{\"@id\":\"https:\/\/www.damast.it\/en\/#website\"},\"primaryImageOfPage\":{\"@id\":\"https:\/\/www.damast.it\/en\/ultima-gara-per-il-team-aruba-it-racing-ducati-superbike\/#primaryimage\"},\"image\":{\"@id\":\"https:\/\/www.damast.it\/en\/ultima-gara-per-il-team-aruba-it-racing-ducati-superbike\/#primaryimage\"},\"thumbnailUrl\":\"https:\/\/www.damast.it\/wp-content\/uploads\/2024\/10\/Damast-SBK2024-Gara12-engarda-giordani-comunicazione.jpg\",\"datePublished\":\"2024-10-21T00:54:25+00:00\",\"dateModified\":\"2024-10-22T10:54:48+00:00\",\"description\":\"Anche quest\u2019anno siamo arrivati all\u2019ultima gara per il Team Aruba. La #doccetteria Damast \u00e8 pi\u00f9 che orgogliosa di essere sponsor tecnico.\",\"breadcrumb\":{\"@id\":\"https:\/\/www.damast.it\/en\/ultima-gara-per-il-team-aruba-it-racing-ducati-superbike\/#breadcrumb\"},\"inLanguage\":\"en-US\",\"potentialAction\":[{\"@type\":\"ReadAction\",\"target\":[\"https:\/\/www.damast.it\/en\/ultima-gara-per-il-team-aruba-it-racing-ducati-superbike\/\"]}]},{\"@type\":\"ImageObject\",\"inLanguage\":\"en-US\",\"@id\":\"https:\/\/www.damast.it\/en\/ultima-gara-per-il-team-aruba-it-racing-ducati-superbike\/#primaryimage\",\"url\":\"https:\/\/www.damast.it\/wp-content\/uploads\/2024\/10\/Damast-SBK2024-Gara12-engarda-giordani-comunicazione.jpg\",\"contentUrl\":\"https:\/\/www.damast.it\/wp-content\/uploads\/2024\/10\/Damast-SBK2024-Gara12-engarda-giordani-comunicazione.jpg\",\"width\":1140,\"height\":850,\"caption\":\"Damast-SBK2024-Gara12-engarda-giordani-comunicazione.jpg\"},{\"@type\":\"BreadcrumbList\",\"@id\":\"https:\/\/www.damast.it\/en\/ultima-gara-per-il-team-aruba-it-racing-ducati-superbike\/#breadcrumb\",\"itemListElement\":[{\"@type\":\"ListItem\",\"position\":1,\"name\":\"Home\",\"item\":\"https:\/\/www.damast.it\/en\/\"},{\"@type\":\"ListItem\",\"position\":2,\"name\":\"Ultima gara per il Team Aruba.it Racing \u2013 Ducati Superbike!\"}]},{\"@type\":\"WebSite\",\"@id\":\"https:\/\/www.damast.it\/en\/#website\",\"url\":\"https:\/\/www.damast.it\/en\/\",\"name\":\"Damast\",\"description\":\"La Doccetteria Italiana\",\"publisher\":{\"@id\":\"https:\/\/www.damast.it\/en\/#organization\"},\"potentialAction\":[{\"@type\":\"SearchAction\",\"target\":{\"@type\":\"EntryPoint\",\"urlTemplate\":\"https:\/\/www.damast.it\/en\/?s={search_term_string}\"},\"query-input\":{\"@type\":\"PropertyValueSpecification\",\"valueRequired\":true,\"valueName\":\"search_term_string\"}}],\"inLanguage\":\"en-US\"},{\"@type\":\"Organization\",\"@id\":\"https:\/\/www.damast.it\/en\/#organization\",\"name\":\"Damast srl\",\"url\":\"https:\/\/www.damast.it\/en\/\",\"logo\":{\"@type\":\"ImageObject\",\"inLanguage\":\"en-US\",\"@id\":\"https:\/\/www.damast.it\/en\/#\/schema\/logo\/image\/\",\"url\":\"https:\/\/www.damast.it\/wp-content\/uploads\/2022\/07\/DAMAST-LOGO-DOCETTERIA.jpg\",\"contentUrl\":\"https:\/\/www.damast.it\/wp-content\/uploads\/2022\/07\/DAMAST-LOGO-DOCETTERIA.jpg\",\"width\":694,\"height\":188,\"caption\":\"Damast srl\"},\"image\":{\"@id\":\"https:\/\/www.damast.it\/en\/#\/schema\/logo\/image\/\"},\"sameAs\":[\"https:\/\/www.facebook.com\/Damastdoccetteria\",\"https:\/\/x.com\/DamastSrl\",\"https:\/\/www.instagram.com\/damastsrl\/\",\"https:\/\/www.linkedin.com\/company\/damast\/\"]},{\"@type\":\"Person\",\"@id\":\"https:\/\/www.damast.it\/en\/#\/schema\/person\/a29f484faaf39c2d7ec6d93e5b955171\",\"name\":\"engarda.press\",\"image\":{\"@type\":\"ImageObject\",\"inLanguage\":\"en-US\",\"@id\":\"https:\/\/www.damast.it\/en\/#\/schema\/person\/image\/\",\"url\":\"https:\/\/secure.gravatar.com\/avatar\/f7bd9edc540c9cc15d3926bacb44d8aa?s=96&d=mm&r=g\",\"contentUrl\":\"https:\/\/secure.gravatar.com\/avatar\/f7bd9edc540c9cc15d3926bacb44d8aa?s=96&d=mm&r=g\",\"caption\":\"engarda.press\"},\"url\":\"https:\/\/www.damast.it\/en\/author\/engarda-press\/\"}]}<\/script>\n<!-- \/ Yoast SEO plugin. -->","yoast_head_json":{"title":"Ultima gara per il Team Aruba.it Racing \u2013 Ducati Superbike!","description":"Anche quest\u2019anno siamo arrivati all\u2019ultima gara per il Team Aruba. La #doccetteria Damast \u00e8 pi\u00f9 che orgogliosa di essere sponsor tecnico.","robots":{"index":"index","follow":"follow","max-snippet":"max-snippet:-1","max-image-preview":"max-image-preview:large","max-video-preview":"max-video-preview:-1"},"canonical":"https:\/\/www.damast.it\/en\/ultima-gara-per-il-team-aruba-it-racing-ducati-superbike\/","og_locale":"en_US","og_type":"article","og_title":"Ultima gara per il Team Aruba.it Racing \u2013 Ducati Superbike!","og_description":"Anche quest\u2019anno siamo arrivati all\u2019ultima gara per il Team Aruba. La #doccetteria Damast \u00e8 pi\u00f9 che orgogliosa di essere sponsor tecnico.","og_url":"https:\/\/www.damast.it\/en\/ultima-gara-per-il-team-aruba-it-racing-ducati-superbike\/","og_site_name":"Damast","article_publisher":"https:\/\/www.facebook.com\/Damastdoccetteria","article_published_time":"2024-10-21T00:54:25+00:00","article_modified_time":"2024-10-22T10:54:48+00:00","og_image":[{"width":1140,"height":850,"url":"https:\/\/www.damast.it\/wp-content\/uploads\/2024\/10\/Damast-SBK2024-Gara12-engarda-giordani-comunicazione.jpg","type":"image\/jpeg"}],"author":"engarda.press","twitter_card":"summary_large_image","twitter_creator":"@DamastSrl","twitter_site":"@DamastSrl","twitter_misc":{"Written by":"engarda.press","Est. reading time":"1 minute"},"schema":{"@context":"https:\/\/schema.org","@graph":[{"@type":"Article","@id":"https:\/\/www.damast.it\/en\/ultima-gara-per-il-team-aruba-it-racing-ducati-superbike\/#article","isPartOf":{"@id":"https:\/\/www.damast.it\/en\/ultima-gara-per-il-team-aruba-it-racing-ducati-superbike\/"},"author":{"name":"engarda.press","@id":"https:\/\/www.damast.it\/en\/#\/schema\/person\/a29f484faaf39c2d7ec6d93e5b955171"},"headline":"Ultima gara per il Team Aruba.it Racing \u2013 Ducati Superbike!","datePublished":"2024-10-21T00:54:25+00:00","dateModified":"2024-10-22T10:54:48+00:00","mainEntityOfPage":{"@id":"https:\/\/www.damast.it\/en\/ultima-gara-per-il-team-aruba-it-racing-ducati-superbike\/"},"wordCount":87,"commentCount":0,"publisher":{"@id":"https:\/\/www.damast.it\/en\/#organization"},"image":{"@id":"https:\/\/www.damast.it\/en\/ultima-gara-per-il-team-aruba-it-racing-ducati-superbike\/#primaryimage"},"thumbnailUrl":"https:\/\/www.damast.it\/wp-content\/uploads\/2024\/10\/Damast-SBK2024-Gara12-engarda-giordani-comunicazione.jpg","articleSection":["ADV"],"inLanguage":"en-US","potentialAction":[{"@type":"CommentAction","name":"Comment","target":["https:\/\/www.damast.it\/en\/ultima-gara-per-il-team-aruba-it-racing-ducati-superbike\/#respond"]}]},{"@type":"WebPage","@id":"https:\/\/www.damast.it\/en\/ultima-gara-per-il-team-aruba-it-racing-ducati-superbike\/","url":"https:\/\/www.damast.it\/en\/ultima-gara-per-il-team-aruba-it-racing-ducati-superbike\/","name":"Ultima gara per il Team Aruba.it Racing \u2013 Ducati Superbike!","isPartOf":{"@id":"https:\/\/www.damast.it\/en\/#website"},"primaryImageOfPage":{"@id":"https:\/\/www.damast.it\/en\/ultima-gara-per-il-team-aruba-it-racing-ducati-superbike\/#primaryimage"},"image":{"@id":"https:\/\/www.damast.it\/en\/ultima-gara-per-il-team-aruba-it-racing-ducati-superbike\/#primaryimage"},"thumbnailUrl":"https:\/\/www.damast.it\/wp-content\/uploads\/2024\/10\/Damast-SBK2024-Gara12-engarda-giordani-comunicazione.jpg","datePublished":"2024-10-21T00:54:25+00:00","dateModified":"2024-10-22T10:54:48+00:00","description":"Anche quest\u2019anno siamo arrivati all\u2019ultima gara per il Team Aruba. La #doccetteria Damast \u00e8 pi\u00f9 che orgogliosa di essere sponsor tecnico.","breadcrumb":{"@id":"https:\/\/www.damast.it\/en\/ultima-gara-per-il-team-aruba-it-racing-ducati-superbike\/#breadcrumb"},"inLanguage":"en-US","potentialAction":[{"@type":"ReadAction","target":["https:\/\/www.damast.it\/en\/ultima-gara-per-il-team-aruba-it-racing-ducati-superbike\/"]}]},{"@type":"ImageObject","inLanguage":"en-US","@id":"https:\/\/www.damast.it\/en\/ultima-gara-per-il-team-aruba-it-racing-ducati-superbike\/#primaryimage","url":"https:\/\/www.damast.it\/wp-content\/uploads\/2024\/10\/Damast-SBK2024-Gara12-engarda-giordani-comunicazione.jpg","contentUrl":"https:\/\/www.damast.it\/wp-content\/uploads\/2024\/10\/Damast-SBK2024-Gara12-engarda-giordani-comunicazione.jpg","width":1140,"height":850,"caption":"Damast-SBK2024-Gara12-engarda-giordani-comunicazione.jpg"},{"@type":"BreadcrumbList","@id":"https:\/\/www.damast.it\/en\/ultima-gara-per-il-team-aruba-it-racing-ducati-superbike\/#breadcrumb","itemListElement":[{"@type":"ListItem","position":1,"name":"Home","item":"https:\/\/www.damast.it\/en\/"},{"@type":"ListItem","position":2,"name":"Ultima gara per il Team Aruba.it Racing \u2013 Ducati Superbike!"}]},{"@type":"WebSite","@id":"https:\/\/www.damast.it\/en\/#website","url":"https:\/\/www.damast.it\/en\/","name":"Damast","description":"La Doccetteria Italiana","publisher":{"@id":"https:\/\/www.damast.it\/en\/#organization"},"potentialAction":[{"@type":"SearchAction","target":{"@type":"EntryPoint","urlTemplate":"https:\/\/www.damast.it\/en\/?s={search_term_string}"},"query-input":{"@type":"PropertyValueSpecification","valueRequired":true,"valueName":"search_term_string"}}],"inLanguage":"en-US"},{"@type":"Organization","@id":"https:\/\/www.damast.it\/en\/#organization","name":"Damast srl","url":"https:\/\/www.damast.it\/en\/","logo":{"@type":"ImageObject","inLanguage":"en-US","@id":"https:\/\/www.damast.it\/en\/#\/schema\/logo\/image\/","url":"https:\/\/www.damast.it\/wp-content\/uploads\/2022\/07\/DAMAST-LOGO-DOCETTERIA.jpg","contentUrl":"https:\/\/www.damast.it\/wp-content\/uploads\/2022\/07\/DAMAST-LOGO-DOCETTERIA.jpg","width":694,"height":188,"caption":"Damast srl"},"image":{"@id":"https:\/\/www.damast.it\/en\/#\/schema\/logo\/image\/"},"sameAs":["https:\/\/www.facebook.com\/Damastdoccetteria","https:\/\/x.com\/DamastSrl","https:\/\/www.instagram.com\/damastsrl\/","https:\/\/www.linkedin.com\/company\/damast\/"]},{"@type":"Person","@id":"https:\/\/www.damast.it\/en\/#\/schema\/person\/a29f484faaf39c2d7ec6d93e5b955171","name":"engarda.press","image":{"@type":"ImageObject","inLanguage":"en-US","@id":"https:\/\/www.damast.it\/en\/#\/schema\/person\/image\/","url":"https:\/\/secure.gravatar.com\/avatar\/f7bd9edc540c9cc15d3926bacb44d8aa?s=96&d=mm&r=g","contentUrl":"https:\/\/secure.gravatar.com\/avatar\/f7bd9edc540c9cc15d3926bacb44d8aa?s=96&d=mm&r=g","caption":"engarda.press"},"url":"https:\/\/www.damast.it\/en\/author\/engarda-press\/"}]}},"_links":{"self":[{"href":"https:\/\/www.damast.it\/en\/wp-json\/wp\/v2\/posts\/14218"}],"collection":[{"href":"https:\/\/www.damast.it\/en\/wp-json\/wp\/v2\/posts"}],"about":[{"href":"https:\/\/www.damast.it\/en\/wp-json\/wp\/v2\/types\/post"}],"author":[{"embeddable":true,"href":"https:\/\/www.damast.it\/en\/wp-json\/wp\/v2\/users\/8"}],"replies":[{"embeddable":true,"href":"https:\/\/www.damast.it\/en\/wp-json\/wp\/v2\/comments?post=14218"}],"version-history":[{"count":1,"href":"https:\/\/www.damast.it\/en\/wp-json\/wp\/v2\/posts\/14218\/revisions"}],"predecessor-version":[{"id":14219,"href":"https:\/\/www.damast.it\/en\/wp-json\/wp\/v2\/posts\/14218\/revisions\/14219"}],"wp:featuredmedia":[{"embeddable":true,"href":"https:\/\/www.damast.it\/en\/wp-json\/wp\/v2\/media\/14220"}],"wp:attachment":[{"href":"https:\/\/www.damast.it\/en\/wp-json\/wp\/v2\/media?parent=14218"}],"wp:term":[{"taxonomy":"category","embeddable":true,"href":"https:\/\/www.damast.it\/en\/wp-json\/wp\/v2\/categories?post=14218"},{"taxonomy":"post_tag","embeddable":true,"href":"https:\/\/www.damast.it\/en\/wp-json\/wp\/v2\/tags?post=14218"}],"curies":[{"name":"wp","href":"https:\/\/api.w.org\/{rel}","templated":true}]}}